{"id":1241,"date":"2026-09-02T21:37:56","date_gmt":"2026-09-02T19:37:56","guid":{"rendered":"https:\/\/independantemauronnaise.fr\/?p=1241"},"modified":"2026-09-02T21:37:56","modified_gmt":"2026-09-02T19:37:56","slug":"cdf-tirage-les-bleus-et-jaunes-recevront-lus-arradon","status":"publish","type":"post","link":"https:\/\/independantemauronnaise.fr\/index.php\/2026\/09\/02\/cdf-tirage-les-bleus-et-jaunes-recevront-lus-arradon\/","title":{"rendered":"CDF &#8211; Tirage &#8211; Les bleus et jaunes recevront l&rsquo;US Arradon"},"content":{"rendered":"\n<p class=\"wp-block-paragraph\">\ud835\udc73\u2019\ud835\udc7c\ud835\udc7a \ud835\udc68\ud835\udc93\ud835\udc93\ud835\udc82\ud835\udc85\ud835\udc90\ud835\udc8f \ud835\udc82 \ud835\udc8d\ud835\udc82 \ud835\udc8e\ud835\udc82\ud835\udc8a\ud835\udc94\ud835\udc90\ud835\udc8f \ud83c\udfc6<\/p>\n\n\n\n<p class=\"wp-block-paragraph\">Pour ce \ud835\udfef\ud835\uddf2\ud835\uddfa\ud835\uddf2 \ud835\ude01\ud835\uddfc\ud835\ude02\ud835\uddff de Coupe de France, notre \u00e9quipe premi\u00e8re recevra l\u2019US Arradon (D1) le 13 septembre prochain.<\/p>\n\n\n\n<p class=\"wp-block-paragraph\">Mais avant \u00e7a, rendez-vous ce week-end pour la premi\u00e8re journ\u00e9e de championnat.\u26a1\ufe0f<\/p>\n\n\n\n<p class=\"wp-block-paragraph\">\ud83d\udc99\ud83d\udc9b<\/p>\n\n\n\n<figure class=\"wp-block-image size-large\"><img fetchpriority=\"high\" decoding=\"async\" width=\"819\" height=\"1024\" src=\"https:\/\/independantemauronnaise.fr\/wp-content\/uploads\/2026\/09\/30386-819x1024.jpg\" alt=\"\" class=\"wp-image-1242\" srcset=\"https:\/\/independantemauronnaise.fr\/wp-content\/uploads\/2026\/09\/30386-819x1024.jpg 819w, https:\/\/independantemauronnaise.fr\/wp-content\/uploads\/2026\/09\/30386-240x300.jpg 240w, https:\/\/independantemauronnaise.fr\/wp-content\/uploads\/2026\/09\/30386-767x959.jpg 767w, https:\/\/independantemauronnaise.fr\/wp-content\/uploads\/2026\/09\/30386-1229x1536.jpg 1229w, https:\/\/independantemauronnaise.fr\/wp-content\/uploads\/2026\/09\/30386.jpg 1350w\" sizes=\"(max-width: 819px) 100vw, 819px\" \/><\/figure>\n","protected":false},"excerpt":{"rendered":"<p>\ud835\udc73\u2019\ud835\udc7c\ud835\udc7a \ud835\udc68\ud835\udc93\ud835\udc93\ud835\udc82\ud835\udc85\ud835\udc90\ud835\udc8f \ud835\udc82 \ud835\udc8d\ud835\udc82 \ud835\udc8e\ud835\udc82\ud835\udc8a\ud835\udc94\ud835\udc90\ud835\udc8f \ud83c\udfc6 Pour ce \ud835\udfef\ud835\uddf2\ud835\uddfa\ud835\uddf2 \ud835\ude01\ud835\uddfc\ud835\ude02\ud835\uddff de Coupe de France, notre \u00e9quipe premi\u00e8re recevra l\u2019US Arradon (D1) le 13 septembre prochain. Mais avant \u00e7a, rendez-vous ce week-end pour la premi\u00e8re journ\u00e9e de championnat.\u26a1\ufe0f \ud83d\udc99\ud83d\udc9b<\/p>\n","protected":false},"author":2,"featured_media":1242,"comment_status":"open","ping_status":"open","sticky":false,"template":"","format":"standard","meta":{"_jetpack_newsletter_access":"","_jetpack_dont_email_post_to_subs":false,"_jetpack_newsletter_tier_id":0,"_jetpack_memberships_contains_paywalled_content":false,"_jetpack_feature_clip_id":0,"_jetpack_memberships_contains_paid_content":false,"footnotes":"","jetpack_post_was_ever_published":false},"categories":[1],"tags":[],"class_list":["post-1241","post","type-post","status-publish","format-standard","has-post-thumbnail","hentry","category-non-classe"],"jetpack_featured_media_url":"https:\/\/independantemauronnaise.fr\/wp-content\/uploads\/2026\/09\/30386.jpg","jetpack_sharing_enabled":true,"_links":{"self":[{"href":"https:\/\/independantemauronnaise.fr\/index.php\/wp-json\/wp\/v2\/posts\/1241","targetHints":{"allow":["GET"]}}],"collection":[{"href":"https:\/\/independantemauronnaise.fr\/index.php\/wp-json\/wp\/v2\/posts"}],"about":[{"href":"https:\/\/independantemauronnaise.fr\/index.php\/wp-json\/wp\/v2\/types\/post"}],"author":[{"embeddable":true,"href":"https:\/\/independantemauronnaise.fr\/index.php\/wp-json\/wp\/v2\/users\/2"}],"replies":[{"embeddable":true,"href":"https:\/\/independantemauronnaise.fr\/index.php\/wp-json\/wp\/v2\/comments?post=1241"}],"version-history":[{"count":1,"href":"https:\/\/independantemauronnaise.fr\/index.php\/wp-json\/wp\/v2\/posts\/1241\/revisions"}],"predecessor-version":[{"id":1243,"href":"https:\/\/independantemauronnaise.fr\/index.php\/wp-json\/wp\/v2\/posts\/1241\/revisions\/1243"}],"wp:featuredmedia":[{"embeddable":true,"href":"https:\/\/independantemauronnaise.fr\/index.php\/wp-json\/wp\/v2\/media\/1242"}],"wp:attachment":[{"href":"https:\/\/independantemauronnaise.fr\/index.php\/wp-json\/wp\/v2\/media?parent=1241"}],"wp:term":[{"taxonomy":"category","embeddable":true,"href":"https:\/\/independantemauronnaise.fr\/index.php\/wp-json\/wp\/v2\/categories?post=1241"},{"taxonomy":"post_tag","embeddable":true,"href":"https:\/\/independantemauronnaise.fr\/index.php\/wp-json\/wp\/v2\/tags?post=1241"}],"curies":[{"name":"wp","href":"https:\/\/api.w.org\/{rel}","templated":true}]}}